{"id":1047,"date":"2016-04-15T18:06:34","date_gmt":"2016-04-15T16:06:34","guid":{"rendered":"http:\/\/www.zvirotice.cz\/?p=1047"},"modified":"2018-09-29T16:06:48","modified_gmt":"2018-09-29T14:06:48","slug":"pozvanka-na-carodejnice-2016","status":"publish","type":"post","link":"https:\/\/www.zvirotice.cz\/?p=1047","title":{"rendered":"Pozv\u00e1nka na \u010darod\u011bjnice 2016"},"content":{"rendered":"<h1>\u010carod\u011bjnice ve Zv\u00edrotic\u00edch<\/h1>\n<h2>P\u00e1len\u00ed \u010darod\u011bjnic a stav\u011bn\u00ed m\u00e1je 30. 4. 2016 ve Zv\u00edrotic\u00edch na n\u00e1vsi<\/h2>\n<p>V\u00a018 hodin za\u010d\u00e1tek<\/p>\n<p>V 19 hodin zap\u00e1len\u00ed hranice<\/p>\n<p>Pe\u010den\u00e9 prase, to\u010den\u00e9 pivo (kdo chce p\u00edt ze skla, p\u016fllitr s\u00a0sebou)<\/p>\n<p>Pro d\u011bti bu\u0159ty, \u010daj a nealko zdarma<\/p>\n<p><img loading=\"lazy\" decoding=\"async\" class=\"size-medium wp-image-1048 aligncenter\" src=\"https:\/\/www.zvirotice.cz\/wp-content\/uploads\/2016\/04\/Carodejnice_plakat_2016-206x300.png\" alt=\"Carodejnice_plakat_2016\" width=\"206\" height=\"300\" srcset=\"https:\/\/www.zvirotice.cz\/wp-content\/uploads\/2016\/04\/Carodejnice_plakat_2016-206x300.png 206w, https:\/\/www.zvirotice.cz\/wp-content\/uploads\/2016\/04\/Carodejnice_plakat_2016-103x150.png 103w, https:\/\/www.zvirotice.cz\/wp-content\/uploads\/2016\/04\/Carodejnice_plakat_2016.png 555w\" sizes=\"auto, (max-width: 206px) 100vw, 206px\" \/><\/p>\n<p><a href=\"https:\/\/www.zvirotice.cz\/wp-content\/uploads\/2016\/04\/Carodejnice_plakat_2016.png\">plak\u00e1t ZDE<\/a><\/p>\n<p><a href=\"http:\/\/pepes11.rajce.idnes.cz\/CARODEJNICE_2016\" target=\"_blank\" rel=\"noopener\">foto ZDE<\/a><\/p>\n<p>&nbsp;<\/p>\n<p>&nbsp;<\/p>\n","protected":false},"excerpt":{"rendered":"<p>\u010carod\u011bjnice ve Zv\u00edrotic\u00edch P\u00e1len\u00ed \u010darod\u011bjnic a stav\u011bn\u00ed m\u00e1je 30. 4. 2016 ve Zv\u00edrotic\u00edch na n\u00e1vsi V\u00a018 hodin za\u010d\u00e1tek V 19 hodin zap\u00e1len\u00ed hranice Pe\u010den\u00e9 prase, to\u010den\u00e9 pivo (kdo chce p\u00edt ze skla, p\u016fllitr s\u00a0sebou)&#46;&#46;&#46;<\/p>\n","protected":false},"author":21,"featured_media":1048,"comment_status":"closed","ping_status":"open","sticky":false,"template":"","format":"standard","meta":{"footnotes":""},"categories":[3],"tags":[],"class_list":["post-1047","post","type-post","status-publish","format-standard","has-post-thumbnail","hentry","category-aktuality"],"_links":{"self":[{"href":"https:\/\/www.zvirotice.cz\/index.php?rest_route=\/wp\/v2\/posts\/1047","targetHints":{"allow":["GET"]}}],"collection":[{"href":"https:\/\/www.zvirotice.cz\/index.php?rest_route=\/wp\/v2\/posts"}],"about":[{"href":"https:\/\/www.zvirotice.cz\/index.php?rest_route=\/wp\/v2\/types\/post"}],"author":[{"embeddable":true,"href":"https:\/\/www.zvirotice.cz\/index.php?rest_route=\/wp\/v2\/users\/21"}],"replies":[{"embeddable":true,"href":"https:\/\/www.zvirotice.cz\/index.php?rest_route=%2Fwp%2Fv2%2Fcomments&post=1047"}],"version-history":[{"count":16,"href":"https:\/\/www.zvirotice.cz\/index.php?rest_route=\/wp\/v2\/posts\/1047\/revisions"}],"predecessor-version":[{"id":1515,"href":"https:\/\/www.zvirotice.cz\/index.php?rest_route=\/wp\/v2\/posts\/1047\/revisions\/1515"}],"wp:featuredmedia":[{"embeddable":true,"href":"https:\/\/www.zvirotice.cz\/index.php?rest_route=\/wp\/v2\/media\/1048"}],"wp:attachment":[{"href":"https:\/\/www.zvirotice.cz\/index.php?rest_route=%2Fwp%2Fv2%2Fmedia&parent=1047"}],"wp:term":[{"taxonomy":"category","embeddable":true,"href":"https:\/\/www.zvirotice.cz\/index.php?rest_route=%2Fwp%2Fv2%2Fcategories&post=1047"},{"taxonomy":"post_tag","embeddable":true,"href":"https:\/\/www.zvirotice.cz\/index.php?rest_route=%2Fwp%2Fv2%2Ftags&post=1047"}],"curies":[{"name":"wp","href":"https:\/\/api.w.org\/{rel}","templated":true}]}}