{"id":166,"date":"2011-01-02T13:35:44","date_gmt":"2011-01-02T12:35:44","guid":{"rendered":"http:\/\/www.zvirotice.cz\/?p=166"},"modified":"2011-01-03T19:01:32","modified_gmt":"2011-01-03T18:01:32","slug":"vystava-obrazu-pribram-galerie-drtikol","status":"publish","type":"post","link":"https:\/\/www.zvirotice.cz\/?p=166","title":{"rendered":"V\u00fdstava obraz\u016f \u2013 P\u0159\u00edbram, Galerie Drtikol"},"content":{"rendered":"<p style=\"text-align: center;\">\n<h1 style=\"text-align: center;\">V\u00fdstava\u00a0\u00a0 <span style=\"color: #ff0000;\">O<\/span>BRAZ<\/h1>\n<p style=\"text-align: center;\">Ve dnech <strong>21. ledna \u2013 27. \u00fanora 2011<\/strong><\/p>\n<p style=\"text-align: center;\">v\u00a0<a title=\"Galerie Drtikol\" href=\"http:\/\/www.galerie-drtikol.com\" target=\"_blank\">Galerii Franti\u0161ka Drtikola<\/a>, Z\u00e1me\u010dek \u2013 Ernestinum, P\u0159\u00edbram<\/p>\n<p style=\"text-align: center;\">se uskute\u010dn\u00ed v\u00fdstava Jaroslava Van\u010d\u00e1ta\u00a0 <span style=\"color: #ff0000;\"><span style=\"color: #000000;\">&#8222;<\/span>O<\/span>BRAZ&#8220;<\/p>\n<p>V\u00fdstava p\u0159edstavuje dva v\u00fdtvarn\u00e9 projekty:<\/p>\n<p>Prvn\u00ed projekt<strong> \u201eObrazy n\u00e1s pozoruj\u00ed\u201c<\/strong>, na kter\u00e9m spole\u010dn\u011b s\u00a0autorem, jen\u017e je mj. n\u00e1\u0161 zv\u00edrotick\u00fd rod\u00e1k, spolupracovali tak\u00e9 Karel \u010cernovsk\u00fd, Vlado Jur\u00e1k, Veronika Havlov\u00e1, Michal Holan, D\u00e1\u0161a Rabelov\u00e1, Zden\u011bk Lomoz a Jan Skuhrovec, kte\u0159\u00ed v\u0161ichni a\u0165 u\u017e trvale nebo p\u0159echodn\u011b \u017eij\u00ed ve Zv\u00edrotic\u00edch.<\/p>\n<p>Druh\u00fd projekt je<strong> \u201e\u010cesk\u00e1 barva\u201c<\/strong>, kter\u00e9ho se z\u00fa\u010dastnilo sedmn\u00e1ct sou\u010dasn\u00fdch \u010desk\u00fdch p\u0159edn\u00edch mal\u00ed\u0159\u016f a v\u00fdtvarn\u00edk\u016f.<\/p>\n<p>V\u0161ichni jste co nejsrde\u010dn\u011bji zv\u00e1ni!<\/p>\n","protected":false},"excerpt":{"rendered":"<p>V\u00fdstava\u00a0\u00a0 OBRAZ Ve dnech 21. ledna \u2013 27. \u00fanora 2011 v\u00a0Galerii Franti\u0161ka Drtikola, Z\u00e1me\u010dek \u2013 Ernestinum, P\u0159\u00edbram se uskute\u010dn\u00ed v\u00fdstava Jaroslava Van\u010d\u00e1ta\u00a0 &#8222;OBRAZ&#8220; V\u00fdstava p\u0159edstavuje dva v\u00fdtvarn\u00e9 projekty: Prvn\u00ed projekt \u201eObrazy n\u00e1s pozoruj\u00ed\u201c, na&#46;&#46;&#46;<\/p>\n","protected":false},"author":3,"featured_media":0,"comment_status":"closed","ping_status":"open","sticky":false,"template":"","format":"standard","meta":{"footnotes":""},"categories":[3],"tags":[],"class_list":["post-166","post","type-post","status-publish","format-standard","hentry","category-aktuality"],"_links":{"self":[{"href":"https:\/\/www.zvirotice.cz\/index.php?rest_route=\/wp\/v2\/posts\/166","targetHints":{"allow":["GET"]}}],"collection":[{"href":"https:\/\/www.zvirotice.cz\/index.php?rest_route=\/wp\/v2\/posts"}],"about":[{"href":"https:\/\/www.zvirotice.cz\/index.php?rest_route=\/wp\/v2\/types\/post"}],"author":[{"embeddable":true,"href":"https:\/\/www.zvirotice.cz\/index.php?rest_route=\/wp\/v2\/users\/3"}],"replies":[{"embeddable":true,"href":"https:\/\/www.zvirotice.cz\/index.php?rest_route=%2Fwp%2Fv2%2Fcomments&post=166"}],"version-history":[{"count":15,"href":"https:\/\/www.zvirotice.cz\/index.php?rest_route=\/wp\/v2\/posts\/166\/revisions"}],"predecessor-version":[{"id":173,"href":"https:\/\/www.zvirotice.cz\/index.php?rest_route=\/wp\/v2\/posts\/166\/revisions\/173"}],"wp:attachment":[{"href":"https:\/\/www.zvirotice.cz\/index.php?rest_route=%2Fwp%2Fv2%2Fmedia&parent=166"}],"wp:term":[{"taxonomy":"category","embeddable":true,"href":"https:\/\/www.zvirotice.cz\/index.php?rest_route=%2Fwp%2Fv2%2Fcategories&post=166"},{"taxonomy":"post_tag","embeddable":true,"href":"https:\/\/www.zvirotice.cz\/index.php?rest_route=%2Fwp%2Fv2%2Ftags&post=166"}],"curies":[{"name":"wp","href":"https:\/\/api.w.org\/{rel}","templated":true}]}}